{"id":12628,"date":"2017-08-15T22:51:33","date_gmt":"2017-08-15T22:51:33","guid":{"rendered":"https:\/\/www.globallogic.com\/latam\/?post_type=gl_news&amp;p=12628"},"modified":"2017-08-15T22:51:33","modified_gmt":"2017-08-15T22:51:33","slug":"culmina-el-primer-ciclo-de-aprende-trabajando-en-globallogic","status":"publish","type":"news","link":"https:\/\/www.globallogic.com\/latam\/about\/press-room\/press-release\/culmina-el-primer-ciclo-de-aprende-trabajando-en-globallogic\/","title":{"rendered":"Culmina el primer ciclo de Aprend\u00e9 trabajando en GlobalLogic"},"content":{"rendered":"<div class=\"classic_editor_content\"><b>BUENOS AIRES, Argentina \u2014 27 de Febrero de 2017.\u00a0<\/b><span style=\"font-weight: 400\">GlobalLogic, empresa l\u00edder en Innovaci\u00f3n y Desarrollo de Software, anunci\u00f3 que participar\u00e1 del cierre del ciclo <\/span><a href=\"http:\/\/www.buenosaires.gob.ar\/educacion\/aprendertrabajando\" target=\"_blank\" rel=\"external nofollow\" target=\"_blank\" noreferrer\"><span style=\"font-weight: 400\">A<\/span><i><span style=\"font-weight: 400\">prender Trabajando<\/span><\/i><\/a><span style=\"font-weight: 400\">, propuesta educativa que ofrece Pr\u00e1cticas Educativo-Laborales a alumnos mayores de 16 a\u00f1os que residan en la Ciudad de Buenos Aires. El evento es auspiciado por El Ministerio de Educaci\u00f3n y se desarrollar\u00e1 en el Auditorio del Polo Saavedra el pr\u00f3ximo 21 de febrero. \u00a0Se espera una cantidad de 565 alumnos.<\/span><\/p>\n<p><span style=\"font-weight: 400\">A lo largo de todo el 2016, la compa\u00f1\u00eda particip\u00f3 del programa que form\u00f3 parte de su estrategia de capacitaci\u00f3n, desarrollo y acompa\u00f1amiento a la comunidad IT. El proyecto fue un acuerdo entre GCBA-UTN-Fundaci\u00f3n DPT-Polo IT y Aprender Trabajando.<\/span><\/p>\n<p><span style=\"font-weight: 400\"><br \/>\n<\/span><span style=\"font-weight: 400\">M\u00e1s de 80 alumnos participaron del proyecto que tuvo como objetivo aplicar los conocimientos en el mundo laboral y donde GlobalLogic se involucr\u00f3 en el \u00e1rea de inform\u00e1tica.<em> \u201cParticipar de este proyecto nos permiti\u00f3 contactarnos con los alumnos que fueron parte de esta edici\u00f3n de Aprend\u00e9 Programando y apuntamos a poder desarrollar m\u00e1s v\u00ednculo con ellos en un futuro. Formamos parte de este programa, al igual que Plan111mil, para fomentar la generaci\u00f3n de los pr\u00f3ximos talentos que ser\u00e1n los l\u00edderes de las industrias del conocimiento y ocupar\u00e1n, sin duda, lo que com\u00fanmente se llaman los trabajos del futuro\u201d<\/em>, indic\u00f3 Sebasti\u00e1n Gryngarten, VP Managing Director de GlobalLogic.<\/span><\/p>\n<p><span style=\"font-weight: 400\">Al finalizar el encuentro se realizar\u00e1 una feria de empresas en la que los alumnos podr\u00e1n dejar su CV a trav\u00e9s de un c\u00f3digo QR impreso en una credencial que se les entregar\u00e1 al registrarse. All\u00ed tendr\u00e1n la oportunidad para darse a conocer y formar parte de las bases de datos de las empresas de tecnolog\u00eda m\u00e1s importantes del pa\u00eds.<\/span><\/div>\n","protected":false},"excerpt":{"rendered":"<p>Participamos del programa del Gobierno de la Ciudad que colabora con los estudiantes secundarios en su inserci\u00f3n laboral.<\/p>\n","protected":false},"featured_media":27060,"parent":0,"menu_order":0,"template":"","meta":{"_acf_changed":false,"footnotes":""},"news-category":[761],"embedded-category":[],"class_list":["post-12628","news","type-news","status-publish","has-post-thumbnail","hentry","news-category-press-release"],"acf":[],"aioseo_notices":[],"_links":{"self":[{"href":"https:\/\/www.globallogic.com\/latam\/wp-json\/wp\/v2\/news\/12628","targetHints":{"allow":["GET"]}}],"collection":[{"href":"https:\/\/www.globallogic.com\/latam\/wp-json\/wp\/v2\/news"}],"about":[{"href":"https:\/\/www.globallogic.com\/latam\/wp-json\/wp\/v2\/types\/news"}],"version-history":[{"count":0,"href":"https:\/\/www.globallogic.com\/latam\/wp-json\/wp\/v2\/news\/12628\/revisions"}],"wp:featuredmedia":[{"embeddable":true,"href":"https:\/\/www.globallogic.com\/latam\/wp-json\/wp\/v2\/media\/27060"}],"wp:attachment":[{"href":"https:\/\/www.globallogic.com\/latam\/wp-json\/wp\/v2\/media?parent=12628"}],"wp:term":[{"taxonomy":"news-category","embeddable":true,"href":"https:\/\/www.globallogic.com\/latam\/wp-json\/wp\/v2\/news-category?post=12628"},{"taxonomy":"embedded-category","embeddable":true,"href":"https:\/\/www.globallogic.com\/latam\/wp-json\/wp\/v2\/embedded-category?post=12628"}],"curies":[{"name":"wp","href":"https:\/\/api.w.org\/{rel}","templated":true}]}}