{"id":14556,"date":"2018-01-19T14:28:58","date_gmt":"2018-01-19T14:28:58","guid":{"rendered":"https:\/\/www.globallogic.com\/latam\/?post_type=news&amp;p=14556"},"modified":"2018-01-19T14:28:58","modified_gmt":"2018-01-19T14:28:58","slug":"globallogic-designa-nueva-hr-manager-para-latinoamerica","status":"publish","type":"news","link":"https:\/\/www.globallogic.com\/latam\/about\/press-room\/press-release\/globallogic-designa-nueva-hr-manager-para-latinoamerica\/","title":{"rendered":"GlobalLogic designa nueva HR Manager para Latinoam\u00e9rica"},"content":{"rendered":"<div class=\"classic_editor_content\">GlobalLogic anuncia la designaci\u00f3n de Magdalena Fern\u00e1ndez de Pe\u00f3n como la nueva HR Manager\u00a0para Latinoam\u00e9rica con base en Argentina.<\/p>\n<p>Magdalena ser\u00e1 responsable de desarrollar e\u00a0implementar diversas iniciativas que contribuyan a seguir haciendo de GlobalLogic un excelente\u00a0lugar para el desarrollo de profesionales en tecnolog\u00eda.<br \/>\nLa ejecutiva es Licenciada en Administraci\u00f3n de Recursos Humanos de la Universidad de Belgrano\u00a0y cuenta con m\u00e1s de 15 a\u00f1os de experiencia en el \u00e1rea y casi 5 a\u00f1os dentro de la industria de IT.<br \/>\nPrevio a GlobalLogic, se desempe\u00f1\u00f3 en el \u00e1rea de Recursos Humanos en empresas como Unisys,\u00a0M3 Argentina, Skanska, Telmex y Metrored.<br \/>\n<em>\u201cDesde GlobalLogic le damos la bienvenida a Magdalena y estamos seguros de que su<\/em><br \/>\n<em>incorporaci\u00f3n ser\u00e1 clave para acompa\u00f1ar nuestros planes de expansi\u00f3n y de enriquecimiento de\u00a0nuestros programas de desarrollo de talento para todos los niveles de profesionales dentro de la compa\u00f1\u00eda\u201d<\/em>, afirm\u00f3 <a href=\"https:\/\/www.globallogic.com\/latam\/?gl_profile=diego-santillan\" target=\"_blank\" rel=\"noopener noreferrer\">Diego Santill\u00e1n,<\/a> Director Ejecutivo para Latinoam\u00e9rica.<\/p>\n<p><img loading=\"lazy\" decoding=\"async\" class=\"aligncenter size-large wp-image-14557\" src=\"https:\/\/www.globallogic.com\/latam\/wp-content\/uploads\/sites\/2\/2018\/01\/Magdalena-Fern\u00e1ndez-de-Peon-1024x575.jpg\" alt=\"\" width=\"604\" height=\"339\" \/><\/p>\n<p>&nbsp;<\/p><\/div>\n","protected":false},"excerpt":{"rendered":"<p>GlobalLogic anuncia la designaci\u00f3n de Magdalena Fern\u00e1ndez de Pe\u00f3n como la nueva HR Manager para Latinoam\u00e9rica con base en Argentina.<\/p>\n","protected":false},"featured_media":14557,"parent":0,"menu_order":0,"template":"","meta":{"_acf_changed":false,"footnotes":""},"news-category":[761],"embedded-category":[],"class_list":["post-14556","news","type-news","status-publish","has-post-thumbnail","hentry","news-category-press-release"],"acf":[],"aioseo_notices":[],"_links":{"self":[{"href":"https:\/\/www.globallogic.com\/latam\/wp-json\/wp\/v2\/news\/14556","targetHints":{"allow":["GET"]}}],"collection":[{"href":"https:\/\/www.globallogic.com\/latam\/wp-json\/wp\/v2\/news"}],"about":[{"href":"https:\/\/www.globallogic.com\/latam\/wp-json\/wp\/v2\/types\/news"}],"version-history":[{"count":0,"href":"https:\/\/www.globallogic.com\/latam\/wp-json\/wp\/v2\/news\/14556\/revisions"}],"wp:featuredmedia":[{"embeddable":true,"href":"https:\/\/www.globallogic.com\/latam\/wp-json\/wp\/v2\/media\/14557"}],"wp:attachment":[{"href":"https:\/\/www.globallogic.com\/latam\/wp-json\/wp\/v2\/media?parent=14556"}],"wp:term":[{"taxonomy":"news-category","embeddable":true,"href":"https:\/\/www.globallogic.com\/latam\/wp-json\/wp\/v2\/news-category?post=14556"},{"taxonomy":"embedded-category","embeddable":true,"href":"https:\/\/www.globallogic.com\/latam\/wp-json\/wp\/v2\/embedded-category?post=14556"}],"curies":[{"name":"wp","href":"https:\/\/api.w.org\/{rel}","templated":true}]}}