{"id":26309,"date":"2019-11-11T09:55:35","date_gmt":"2019-11-11T09:55:35","guid":{"rendered":"https:\/\/www.globallogic.com\/sk\/?post_type=news&amp;p=26309"},"modified":"2019-11-11T09:55:35","modified_gmt":"2019-11-11T09:55:35","slug":"v-ziline-vysadili-sakury-v-ramci-projektu-kazdy-strom-ma-vyznam","status":"publish","type":"news","link":"https:\/\/www.globallogic.com\/sk\/about\/press-room\/press-release\/v-ziline-vysadili-sakury-v-ramci-projektu-kazdy-strom-ma-vyznam\/","title":{"rendered":"V \u017diline vysadili sakury v r\u00e1mci projektu Ka\u017ed\u00fd strom m\u00e1 v\u00fdznam"},"content":{"rendered":"<div class=\"classic_editor_content\">\n<div id=\"page_1\">\n<p><em>English version of the press release below.<\/em><\/p>\n<p><strong>\u017dilina, 8. novembra 2019 \u2013 <\/strong>V\u00a0piatok, 8. novembra dobrovo\u013en\u00edci z IT spolo\u010dnosti GlobalLogic so s\u00eddlom v \u017diline vysadili stromy druhu sakury za pribli\u017ene 600 eur na Ulici Tom\u00e1\u0161a R\u00fa\u017ei\u010dku v\u00a0\u017diline. Podpori\u0165 v\u00fdsadbu zelene v\u00a0meste prostredn\u00edctvom zapojenia s\u00fakromn\u00fdch subjektov je cie\u013eom projektu <em>Ka\u017ed\u00fd strom m\u00e1 v\u00fdznam<\/em>, ktor\u00fd organizuje mesto \u017dilina v\u00a0spolupr\u00e1ci s\u00a0poslancami za volebn\u00fd obvod \u010d. 1.<\/p>\n<p>Hlavn\u00e1 my\u0161lienka projektu spo\u010d\u00edva vo vyh\u013ead\u00e1van\u00ed pl\u00f4ch vhodn\u00fdch na v\u00fdsadbu stromov, krov, okrasn\u00fdch tr\u00e1v \u010di trvaliek. V\u00a0duchu my\u0161lienky, \u017ee aj mal\u00fd \u010din m\u00e1 ve\u013ek\u00fd v\u00fdznam, ak ho zrealizuje viacero \u013eud\u00ed, chce \u017eilinsk\u00e1 samospr\u00e1va oslovi\u0165 \u010do najviac subjektov na spolupr\u00e1cu.<\/p>\n<p><em>\u201eOkrem toho, \u017ee stromy produkuj\u00fa nenahradite\u013en\u00fd kysl\u00edk, spev\u0148uj\u00fa p\u00f4du \u010di zachyt\u00e1vaj\u00fa vlahu, pozit\u00edvne vpl\u00fdvaj\u00fa na psychiku \u010dloveka a\u00a0tie\u017e poskytuj\u00fa blahodarn\u00fd tie\u0148, v ktorom sa chodn\u00edky a asfaltov\u00e9 cesty menej prehrievaj\u00fa. V\u00edtam aktivitu spolo\u010dnosti GlobalLogic, ktor\u00e1 sa pridala k\u00a0na\u0161im aktivit\u00e1m na skr\u00e1\u0161lenie mesta. Ver\u00edm, \u017ee pilotn\u00e1 v\u00fdsadba stromov bude in\u0161pirova\u0165 \u010fal\u0161ie s\u00fakromn\u00e9 subjekty k\u00a0spolupr\u00e1ci,\u201c <\/em>uviedol prim\u00e1tor mesta Peter Fiab\u00e1ne.<\/p>\n<p>Do\u00a0pilotej realiz\u00e1cie v\u00a0r\u00e1mci projektu Ka\u017ed\u00fd strom m\u00e1 v\u00fdznam za zapojilo 12 zamestnancov GlobalLogic. Spolo\u010dnos\u0165 sa pravidelne zap\u00e1ja do realiz\u00e1cie podobn\u00fdch environment\u00e1lnych aktiv\u00edt aj v\u00a0in\u00fdch slovensk\u00fdch mest\u00e1ch.<\/p>\n<p><em>\u201eV GlobalLogic ver\u00edme, \u017ee zodpovedn\u00fd pr\u00edstup k \u017eivotn\u00e9mu prostrediu je d\u00f4le\u017eit\u00fd. Mo\u017enos\u0165 zapoji\u0165 sa do aktiv\u00edt na podporu zni\u017eovania glob\u00e1lneho otep\u013eovania v meste, kde p\u00f4sob\u00edme,\u00a0je pre n\u00e1s ve\u013ekou poctou. Sme radi, \u017ee sa m\u00f4\u017eeme\u00a0ako prv\u00e1 spolo\u010dnos\u0165 v \u017diline zapoji\u0165 do tohto unik\u00e1tneho projektu.\u00a0 Ver\u00edme, \u017ee tak motivujeme nielen\u00a0\u010fal\u0161ie spolo\u010dnosti ale aj \u017eilinsk\u00fa komunitu, aby sa k n\u00e1m pridali,\u201c<\/em>\u00a0 povedal Rastislav Kriv\u00fd, riadite\u013e GlobalLogic pre \u017dilinu a Bansk\u00fa Bystricu.<\/p>\n<p>Zamestnanci odboru \u017eivotn\u00e9ho prostredia na Mestskom \u00farade v\u00a0\u017diline poskytuj\u00fa z\u00e1ujemcom o\u00a0projekt poradenstvo pri v\u00fdbere vhodnej zelene \u010di drev\u00edn na v\u00fdsadbu a\u00a0tie\u017e spolu\u00fa\u010das\u0165 na samotnej realiz\u00e1cii.<\/p>\n<p>English version of the press release is available here: <a target=\"_blank\" href=\"https:\/\/www.globallogic.com\/sk\/wp-content\/uploads\/sites\/10\/2019\/11\/Press-release_Sakuras-planted-as-part-of-the-Every-Tree-Counts-project-in-\u017dilina.pdf\">Press release_Sakuras planted as part of the Every Tree Counts project in \u017dilina<\/a><\/p>\n<p>[espro-slider id=35459]<\/p>\n<\/div>\n<\/div>\n","protected":false},"excerpt":{"rendered":"<p>English version of the press release below. \u017dilina, 8. novembra 2019 \u2013 V\u00a0piatok, 8. novembra dobrovo\u013en\u00edci z IT spolo\u010dnosti GlobalLogic so s\u00eddlom v \u017diline vysadili stromy druhu sakury za pribli\u017ene 600 eur na Ulici Tom\u00e1\u0161a R\u00fa\u017ei\u010dku v\u00a0\u017diline. Podpori\u0165 v\u00fdsadbu zelene v\u00a0meste prostredn\u00edctvom zapojenia s\u00fakromn\u00fdch subjektov je cie\u013eom projektu Ka\u017ed\u00fd strom m\u00e1 v\u00fdznam, ktor\u00fd organizuje mesto \u017dilina v\u00a0spolupr\u00e1ci s\u00a0poslancami za volebn\u00fd obvod \u010d. 1. Hlavn\u00e1 my\u0161lienka projektu spo\u010d\u00edva vo vyh\u013ead\u00e1van\u00ed pl\u00f4ch vhodn\u00fdch na v\u00fdsadbu stromov, krov, okrasn\u00fdch tr\u00e1v \u010di trvaliek. V\u00a0duchu my\u0161lienky, \u017ee aj mal\u00fd \u010din m\u00e1 ve\u013ek\u00fd v\u00fdznam, ak ho zrealizuje viacero \u013eud\u00ed, chce \u017eilinsk\u00e1 samospr\u00e1va oslovi\u0165 \u010do najviac subjektov na spolupr\u00e1cu. \u201eOkrem toho, \u017ee stromy produkuj\u00fa nenahradite\u013en\u00fd kysl\u00edk, spev\u0148uj\u00fa p\u00f4du \u010di zachyt\u00e1vaj\u00fa vlahu, pozit\u00edvne vpl\u00fdvaj\u00fa na psychiku \u010dloveka a\u00a0tie\u017e poskytuj\u00fa blahodarn\u00fd tie\u0148, v ktorom sa chodn\u00edky a asfaltov\u00e9 cesty menej prehrievaj\u00fa. V\u00edtam aktivitu spolo\u010dnosti GlobalLogic, ktor\u00e1 sa pridala k\u00a0na\u0161im aktivit\u00e1m na skr\u00e1\u0161lenie mesta. Ver\u00edm, \u017ee pilotn\u00e1 v\u00fdsadba stromov bude in\u0161pirova\u0165 \u010fal\u0161ie s\u00fakromn\u00e9 subjekty k\u00a0spolupr\u00e1ci,\u201c uviedol prim\u00e1tor mesta Peter Fiab\u00e1ne. Do\u00a0pilotej realiz\u00e1cie v\u00a0r\u00e1mci projektu Ka\u017ed\u00fd strom m\u00e1 v\u00fdznam za zapojilo 12 zamestnancov GlobalLogic. Spolo\u010dnos\u0165 sa pravidelne zap\u00e1ja do realiz\u00e1cie podobn\u00fdch environment\u00e1lnych aktiv\u00edt aj v\u00a0in\u00fdch slovensk\u00fdch mest\u00e1ch. \u201eV GlobalLogic ver\u00edme, \u017ee zodpovedn\u00fd pr\u00edstup k \u017eivotn\u00e9mu prostrediu je d\u00f4le\u017eit\u00fd. Mo\u017enos\u0165 zapoji\u0165 sa&#8230;<\/p>\n","protected":false},"featured_media":26951,"parent":0,"menu_order":0,"template":"","meta":{"_acf_changed":false,"footnotes":""},"news-category":[757],"embedded-category":[],"class_list":["post-26309","news","type-news","status-publish","has-post-thumbnail","hentry","news-category-press-release"],"acf":[],"aioseo_notices":[],"_links":{"self":[{"href":"https:\/\/www.globallogic.com\/sk\/wp-json\/wp\/v2\/news\/26309","targetHints":{"allow":["GET"]}}],"collection":[{"href":"https:\/\/www.globallogic.com\/sk\/wp-json\/wp\/v2\/news"}],"about":[{"href":"https:\/\/www.globallogic.com\/sk\/wp-json\/wp\/v2\/types\/news"}],"version-history":[{"count":0,"href":"https:\/\/www.globallogic.com\/sk\/wp-json\/wp\/v2\/news\/26309\/revisions"}],"wp:featuredmedia":[{"embeddable":true,"href":"https:\/\/www.globallogic.com\/sk\/wp-json\/wp\/v2\/media\/26951"}],"wp:attachment":[{"href":"https:\/\/www.globallogic.com\/sk\/wp-json\/wp\/v2\/media?parent=26309"}],"wp:term":[{"taxonomy":"news-category","embeddable":true,"href":"https:\/\/www.globallogic.com\/sk\/wp-json\/wp\/v2\/news-category?post=26309"},{"taxonomy":"embedded-category","embeddable":true,"href":"https:\/\/www.globallogic.com\/sk\/wp-json\/wp\/v2\/embedded-category?post=26309"}],"curies":[{"name":"wp","href":"https:\/\/api.w.org\/{rel}","templated":true}]}}